{"id":1629,"date":"2023-07-25T22:53:15","date_gmt":"2023-07-25T20:53:15","guid":{"rendered":"https:\/\/www.iletaitunefoismescolos.fr\/?p=1629"},"modified":"2023-07-25T22:53:16","modified_gmt":"2023-07-25T20:53:16","slug":"premiere-semaine-de-lequipe-de-juillet","status":"publish","type":"post","link":"https:\/\/www.iletaitunefoismescolos.fr\/?p=1629","title":{"rendered":"Premi\u00e8re semaine de l\u2019\u00e9quipe de Juillet !"},"content":{"rendered":"\n<p>Le dimanche 16 juillet annon\u00e7ait le top d\u00e9part de la saison des colos Il Etait Une Fois\u2026 avec l\u2019arriv\u00e9e des enfants ! Emmen\u00e9 par un duo de direction de choc (Alice et Flo\u2019 c\u2019est de vous qu\u2019on parle oui oui \ud83d\udc40), l\u2019\u00e9quipe de juillet s\u2019est saisie de la MFR de Saulxures-sur-Moselotte et l\u2019a am\u00e9nag\u00e9 \u00e0 sa guise. Les enfants se sont rapidement mis \u00e0 l\u2019aise d\u00e8s leur arriv\u00e9e et les projets ont commenc\u00e9 \u00e0 \u00eatre lanc\u00e9 !<\/p>\n\n\n\n<p>On vous propose de revenir sur certaines demi-journ\u00e9es de cette premi\u00e8re semaine vu par quelques animateurs. C\u2019est parti !<\/p>\n\n\n\n<h2 class=\"wp-block-heading\">Fr\u00e9d\u00e9ric : lundi matin !<\/h2>\n\n\n\n<p>Le lundi c\u2019est le premier vrai jour \u00e0 la colo, les enfants ne se connaissent pas encore et c\u2019est donc l\u2019occasion de faire des jeux de pr\u00e9sentation ! Au programme pour le camp Imagin\u2019Art ? Faire du th\u00e9\u00e2tre et Dessiner le portrait du voisin.<\/p>\n\n\n\n<h2 class=\"wp-block-heading\">Paul : mardi matin !<\/h2>\n\n\n\n<p>Parfois certains enfants ont du mal \u00e0 s\u2019habituer aux colos, car ils ou elles sont loin de leurs rep\u00e8res. C\u2019\u00e9tait le cas d\u2019un de nos colons. Qu\u2019\u00e0 cela ne tienne, Paul, son animateur, lui propose de faire une balade \u00e0 v\u00e9lo afin de nouer des liens avec l\u2019enfant. Cela lui a permis de se sentir mieux au sein de la colo et, \u00e0 Paul, de cr\u00e9er des liens privil\u00e9gi\u00e9s avec lui.<\/p>\n\n\n\n<h2 class=\"wp-block-heading\">Valentine : mardi apr\u00e8s-midi !<\/h2>\n\n\n\n<p>On annule les sorties pour cause de pluie\u2026 Solution de secours pour nos anims plein de ressources : Faire du bruit ! Certains ados et pr\u00e9-ados on rejoint Valentine dans le studio o\u00f9 Nathan faisait trembler les murs avec de la musique choisi soigneusement par les enfants ! Ambiance garantie \ud83d\ude0e<\/p>\n\n\n\n<h2 class=\"wp-block-heading\">Nathan : mercredi matin !<\/h2>\n\n\n\n<p>D\u00e9j\u00e0 mercredi ? La fin de semaine arrive \u00e0 grands pas et il est temps d\u2019organiser une belle tradition chez IEUF : la boom du vendredi ! C\u2019est l\u2019un des plus gros projets de nos colos. Et qui de mieux que le camp Freestyle pour s\u2019occuper de la musique ? Accompagn\u00e9s de Nathan et Lara, les ados commencent \u00e0 r\u00e9fl\u00e9chir aux diff\u00e9rents aspects de cette boom : invitations, playlist, jeux, bars, photos souvenirs et plus encore !<\/p>\n\n\n\n<h2 class=\"wp-block-heading\">Vanessa : mercredi apr\u00e8s-midi !<\/h2>\n\n\n\n<p>Quand on fait partie du camp Iti Bis, le camping est l\u2019activit\u00e9 \u00e0 ne pas louper ! Vanessa et Ma\u00ffllis ont accompagn\u00e9 au mieux les ados pour pr\u00e9parer la sortie du soir. Il est important de savoir lire une carte, de monter une tente ou m\u00eame de pr\u00e9voir un repas et une veill\u00e9e au coin du feu !<\/p>\n\n\n\n<h2 class=\"wp-block-heading\">Emma : vendredi apr\u00e8s-midi !<\/h2>\n\n\n\n<p>Objectif en ce bel apr\u00e8s-midi : grand jeu ! Et c\u2019est Emma qui m\u00e8ne les op\u00e9rations. Diff\u00e9rentes \u00e9quipes inter-tranches d\u2019\u00e2ge se sont affront\u00e9es dans des \u00e9preuves sportives. Apr\u00e8s ces olympiades, Emma a aid\u00e9 \u00e0 la pr\u00e9pa boom en s\u2019occupant du stand de maquillage pour que tout le monde soit belle ou beau pour le grand soir !<\/p>\n\n\n\n<h2 class=\"wp-block-heading\">Lara : tour de France le Samedi !<\/h2>\n\n\n\n<p>Vous avez peut-\u00eatre suivi l\u2019actualit\u00e9 mais la Grande Boucle est pass\u00e9e juste \u00e0 c\u00f4t\u00e9 de Saulxures-sur-Moselotte ! L\u2019occasion est trop belle pour \u00eatre manqu\u00e9e ; c\u2019est pourquoi les ados et pr\u00e9-ados sont partis observer les coureurs du Tour de France. Leur but \u00e9tait aussi de r\u00e9cup\u00e9rer le fameux bob Cochonou \ud83d\ude09<\/p>\n\n\n\n<h2 class=\"wp-block-heading\">No\u00e9 : samedi matin !<\/h2>\n\n\n\n<p>Une excursion pour les petits\u2026 Et pourquoi pas apr\u00e8s tout ? Destination, l\u2019\u00e9tang des F\u00e9es pour un pique-nique au calme. Les animateurs ont ensuite encha\u00een\u00e9 sur la construction de cabanes puis sur une balade digestive pour retourner \u00e0 la colo.<\/p>\n\n\n\n<h2 class=\"wp-block-heading\">Lou : samedi apr\u00e8s-midi !<\/h2>\n\n\n\n<p>En revenant de leur exp\u00e9dition vers 16h, le camp Pierre et Feu avait grand faim ! Et ils et elles furent agr\u00e9ablement surpris de voir qu\u2019un camion de glace avait d\u00e9barqu\u00e9 \u00e0 Saulxures ! Cinq parfums disponibles (fraise, vanille, chocolat, mangue et cassis) ainsi que quatre toppings (vermicelles, Smarties, fraises Tagada ou coulis de chocolat) ! Et vous qu\u2019auriez-vous choisi ?<\/p>\n\n\n\n<p>Lou a ensuite pr\u00e9par\u00e9 la veill\u00e9e film, en am\u00e9nageant la salle. Au programme : Vice Versa et popcorn !<\/p>\n\n\n\n<h2 class=\"wp-block-heading\">Sterenn : dimanche matin !<\/h2>\n\n\n\n<p>La deuxi\u00e8me semaine d\u00e9bute bient\u00f4t et Imagin\u2019art a un gros objectif : r\u00e9ussir \u00e0 tourner un petit film. Les enfants et animateurs sont motiv\u00e9s pour cette production ! Au programme : \u00e9criture du script, et d\u00e9but de cr\u00e9ation des costumes et d\u00e9cors !<\/p>\n","protected":false},"excerpt":{"rendered":"<p>Le dimanche 16 juillet annon\u00e7ait le top d\u00e9part de la saison des colos Il Etait Une Fois\u2026 avec l\u2019arriv\u00e9e des enfants ! Emmen\u00e9 par un duo de direction de choc (Alice et Flo\u2019 c\u2019est de vous qu\u2019on parle oui oui \ud83d\udc40), l\u2019\u00e9quipe de juillet s\u2019est saisie de la MFR de Saulxures-sur-Moselotte et l\u2019a am\u00e9nag\u00e9 \u00e0&hellip;&nbsp;<a href=\"https:\/\/www.iletaitunefoismescolos.fr\/?p=1629\" rel=\"bookmark\">Lire la suite &raquo;<span class=\"screen-reader-text\">Premi\u00e8re semaine de l\u2019\u00e9quipe de Juillet !<\/span><\/a><\/p>\n","protected":false},"author":7,"featured_media":0,"comment_status":"closed","ping_status":"closed","sticky":false,"template":"","format":"standard","meta":{"neve_meta_sidebar":"","neve_meta_container":"","neve_meta_enable_content_width":"","neve_meta_content_width":0,"neve_meta_title_alignment":"","neve_meta_author_avatar":"","neve_post_elements_order":"","neve_meta_disable_header":"","neve_meta_disable_footer":"","neve_meta_disable_title":"","_themeisle_gutenberg_block_has_review":false,"footnotes":""},"categories":[1],"tags":[],"class_list":["post-1629","post","type-post","status-publish","format-standard","hentry","category-non-classe"],"_links":{"self":[{"href":"https:\/\/www.iletaitunefoismescolos.fr\/index.php?rest_route=\/wp\/v2\/posts\/1629","targetHints":{"allow":["GET"]}}],"collection":[{"href":"https:\/\/www.iletaitunefoismescolos.fr\/index.php?rest_route=\/wp\/v2\/posts"}],"about":[{"href":"https:\/\/www.iletaitunefoismescolos.fr\/index.php?rest_route=\/wp\/v2\/types\/post"}],"author":[{"embeddable":true,"href":"https:\/\/www.iletaitunefoismescolos.fr\/index.php?rest_route=\/wp\/v2\/users\/7"}],"replies":[{"embeddable":true,"href":"https:\/\/www.iletaitunefoismescolos.fr\/index.php?rest_route=%2Fwp%2Fv2%2Fcomments&post=1629"}],"version-history":[{"count":1,"href":"https:\/\/www.iletaitunefoismescolos.fr\/index.php?rest_route=\/wp\/v2\/posts\/1629\/revisions"}],"predecessor-version":[{"id":1630,"href":"https:\/\/www.iletaitunefoismescolos.fr\/index.php?rest_route=\/wp\/v2\/posts\/1629\/revisions\/1630"}],"wp:attachment":[{"href":"https:\/\/www.iletaitunefoismescolos.fr\/index.php?rest_route=%2Fwp%2Fv2%2Fmedia&parent=1629"}],"wp:term":[{"taxonomy":"category","embeddable":true,"href":"https:\/\/www.iletaitunefoismescolos.fr\/index.php?rest_route=%2Fwp%2Fv2%2Fcategories&post=1629"},{"taxonomy":"post_tag","embeddable":true,"href":"https:\/\/www.iletaitunefoismescolos.fr\/index.php?rest_route=%2Fwp%2Fv2%2Ftags&post=1629"}],"curies":[{"name":"wp","href":"https:\/\/api.w.org\/{rel}","templated":true}]}}