{"id":8442,"date":"2025-12-31T17:25:01","date_gmt":"2025-12-31T16:25:01","guid":{"rendered":"https:\/\/www.iletaitunefoismescolos.fr\/?p=8442"},"modified":"2025-12-31T17:25:03","modified_gmt":"2025-12-31T16:25:03","slug":"week-end-de-rentree-2","status":"publish","type":"post","link":"https:\/\/www.iletaitunefoismescolos.fr\/?p=8442","title":{"rendered":"Week-end de rentr\u00e9e !"},"content":{"rendered":"\n<p>Durant le week-end ensoleill\u00e9 du 28 septembre 2025 a eu lieu l&rsquo;annuel week-end de rentr\u00e9e ! De nombreux\/euses animateurs\/trices \u00e9taient pr\u00e9sents\/tes pour participer aux diff\u00e9rents temps sur ces deux jours :<\/p>\n\n\n\n<ul class=\"wp-block-list\">\n<li>Bilans de l&rsquo;\u00e9t\u00e9<\/li>\n\n\n\n<li>Temps de r\u00e9flexion sur un potentiel d\u00e9m\u00e9nagement<\/li>\n\n\n\n<li>Bilan du fonctionnement associatif avec l&rsquo;aide des adh\u00e9rents\/tes<\/li>\n\n\n\n<li>Pr\u00e9paration des encarts pour les sessions 2026 ! <\/li>\n<\/ul>\n\n\n\n<p>La session de colo de juillet aura lieu du 19 juillet 2026 au 1er ao\u00fbt 2026. Et la session d&rsquo;ao\u00fbt aura lieu du 2 ao\u00fbt 2026 au 15 ao\u00fbt 2026 !<\/p>\n\n\n\n<figure class=\"wp-block-image size-large is-resized\"><img loading=\"lazy\" decoding=\"async\" width=\"1024\" height=\"768\" src=\"https:\/\/www.iletaitunefoismescolos.fr\/wp-content\/uploads\/2025\/12\/Week-end-rentree-2025-1024x768.jpg\" alt=\"\" class=\"wp-image-8443\" style=\"aspect-ratio:1.3333418127241738;width:797px;height:auto\" srcset=\"https:\/\/www.iletaitunefoismescolos.fr\/wp-content\/uploads\/2025\/12\/Week-end-rentree-2025-1024x768.jpg 1024w, https:\/\/www.iletaitunefoismescolos.fr\/wp-content\/uploads\/2025\/12\/Week-end-rentree-2025-300x225.jpg 300w, https:\/\/www.iletaitunefoismescolos.fr\/wp-content\/uploads\/2025\/12\/Week-end-rentree-2025-768x576.jpg 768w, https:\/\/www.iletaitunefoismescolos.fr\/wp-content\/uploads\/2025\/12\/Week-end-rentree-2025-1536x1152.jpg 1536w, https:\/\/www.iletaitunefoismescolos.fr\/wp-content\/uploads\/2025\/12\/Week-end-rentree-2025-2048x1536.jpg 2048w\" sizes=\"auto, (max-width: 1024px) 100vw, 1024px\" \/><\/figure>\n","protected":false},"excerpt":{"rendered":"<p>Durant le week-end ensoleill\u00e9 du 28 septembre 2025 a eu lieu l&rsquo;annuel week-end de rentr\u00e9e ! De nombreux\/euses animateurs\/trices \u00e9taient pr\u00e9sents\/tes pour participer aux diff\u00e9rents temps sur ces deux jours : La session de colo de juillet aura lieu du 19 juillet 2026 au 1er ao\u00fbt 2026. Et la session d&rsquo;ao\u00fbt aura lieu du 2&hellip;&nbsp;<a href=\"https:\/\/www.iletaitunefoismescolos.fr\/?p=8442\" rel=\"bookmark\">Lire la suite &raquo;<span class=\"screen-reader-text\">Week-end de rentr\u00e9e !<\/span><\/a><\/p>\n","protected":false},"author":7,"featured_media":8443,"comment_status":"closed","ping_status":"closed","sticky":false,"template":"","format":"standard","meta":{"neve_meta_sidebar":"","neve_meta_container":"","neve_meta_enable_content_width":"","neve_meta_content_width":0,"neve_meta_title_alignment":"","neve_meta_author_avatar":"","neve_post_elements_order":"","neve_meta_disable_header":"","neve_meta_disable_footer":"","neve_meta_disable_title":"","_themeisle_gutenberg_block_has_review":false,"footnotes":""},"categories":[1],"tags":[],"class_list":["post-8442","post","type-post","status-publish","format-standard","has-post-thumbnail","hentry","category-non-classe"],"_links":{"self":[{"href":"https:\/\/www.iletaitunefoismescolos.fr\/index.php?rest_route=\/wp\/v2\/posts\/8442","targetHints":{"allow":["GET"]}}],"collection":[{"href":"https:\/\/www.iletaitunefoismescolos.fr\/index.php?rest_route=\/wp\/v2\/posts"}],"about":[{"href":"https:\/\/www.iletaitunefoismescolos.fr\/index.php?rest_route=\/wp\/v2\/types\/post"}],"author":[{"embeddable":true,"href":"https:\/\/www.iletaitunefoismescolos.fr\/index.php?rest_route=\/wp\/v2\/users\/7"}],"replies":[{"embeddable":true,"href":"https:\/\/www.iletaitunefoismescolos.fr\/index.php?rest_route=%2Fwp%2Fv2%2Fcomments&post=8442"}],"version-history":[{"count":1,"href":"https:\/\/www.iletaitunefoismescolos.fr\/index.php?rest_route=\/wp\/v2\/posts\/8442\/revisions"}],"predecessor-version":[{"id":8444,"href":"https:\/\/www.iletaitunefoismescolos.fr\/index.php?rest_route=\/wp\/v2\/posts\/8442\/revisions\/8444"}],"wp:featuredmedia":[{"embeddable":true,"href":"https:\/\/www.iletaitunefoismescolos.fr\/index.php?rest_route=\/wp\/v2\/media\/8443"}],"wp:attachment":[{"href":"https:\/\/www.iletaitunefoismescolos.fr\/index.php?rest_route=%2Fwp%2Fv2%2Fmedia&parent=8442"}],"wp:term":[{"taxonomy":"category","embeddable":true,"href":"https:\/\/www.iletaitunefoismescolos.fr\/index.php?rest_route=%2Fwp%2Fv2%2Fcategories&post=8442"},{"taxonomy":"post_tag","embeddable":true,"href":"https:\/\/www.iletaitunefoismescolos.fr\/index.php?rest_route=%2Fwp%2Fv2%2Ftags&post=8442"}],"curies":[{"name":"wp","href":"https:\/\/api.w.org\/{rel}","templated":true}]}}